{"id":23771,"date":"2017-03-31T16:20:37","date_gmt":"2017-03-31T15:20:37","guid":{"rendered":"https:\/\/diekunstbaustelle.de\/many-thanks-a-donation-of-the-rotary-club-ammersee-roemerstrasse\/"},"modified":"2017-03-31T16:20:37","modified_gmt":"2017-03-31T15:20:37","slug":"many-thanks-a-donation-of-the-rotary-club-ammersee-roemerstrasse","status":"publish","type":"post","link":"https:\/\/diekunstbaustelle.de\/en\/many-thanks-a-donation-of-the-rotary-club-ammersee-roemerstrasse\/","title":{"rendered":"Many Thanks! A donation of the Rotary Club Ammersee-R\u00f6merstra\u00dfe"},"content":{"rendered":"<p><span id=\"result_box\" class=\"\" lang=\"en\"><span title=\"Der Rotary Club Ammersee-R\u00f6merstra\u00dfe unterst\u00fctzt die kulturellen Bildungsprogramme des Landsberger Kulturverein \u00abdieKunstBauStelle e.V.\u00bb mit Investitionen in die Medientechnik. \">The Rotary Club Ammersee-R\u00f6merstra\u00dfe supports the cultural education programs of the Landsberger Kulturverein \u00abdieKunstBauStelle e.V.\u00bb with investments in media technology.<\/span><\/span><\/p>\n<p><span title=\"Eine neue Kamera mit Zubeh\u00f6r und Tontechnik f\u00fcr Foto und Film im Wert von 2.000 Euro konnte damit angeschafft werden.\">A new camera with accessories and sound technology for photo and film worth 2,000 euros could be purchased. <\/span><span title=\"Die \u00dcbergabe erfolgt w\u00e4hrend eines Workshops in Landsberg am Lech. \">The handover takes place during a workshop in Landsberg am Lech.<\/span><\/p>\n<p><span title=\"\u00abWir sind sehr beeindruckt vom Verein \u00abdieKunstBauStelle e.V.\u00bb und \u00fcberzeugt von dessen Arbeit, Qualit\u00e4t und dem Sinn, der hinter dem Ganzen steht\u201c, sagt Pr\u00e4sidentin Nicole Truckenbrodt.\">&#8220;We are very impressed by the association &#8220;dieKunstBauStelle e.V.&#8221; and is convinced by its work, quality and the sense behind the whole,&#8221; says President Nicole Truckenbrodt. <\/span><span title=\"\u201eWir schauen stets, dass wir mit unseren Ma\u00dfnahmen lokal und global agieren\u00bb, so Truckenbrodt weiter.\">&#8220;We always see that we are acting locally and globally with our measures,&#8221; continued Truckenbrodt. <\/span><span title=\"\u201eDeutsche erschaffen gemeinsam mit Fl\u00fcchtlingen kultur\u00fcbergreifend etwas Neues, von dem wir alle noch nicht wissen, was es wird \u2013 und das ist toll.\">&#8220;Germans, together with refugees across the world, are creating something new, which we all do not know yet what it will become &#8211; and that is great. <\/span><span title=\"Das Projekt er\u00f6ffnet wirklich Perspektiven f\u00fcr beide Seiten und weckt Hoffnung f\u00fcr uns alle.\u201c \">The project really opens up prospects for both sides and arouses hope for all of us. &#8220;<\/span><\/p>\n<p><span title=\"Wolfgang Hauck, Vorstand des Vereins freut sich \u00fcber die Spende ganz besonders: \u00abInvestitionen sind in unseren F\u00f6rderprogrammen nicht m\u00f6glich.\">Wolfgang Hauck, board member of the association is very pleased with the donation: \u00abInvestments are not possible in our funding programs. <\/span><span title=\"Mit der Spende des Rotary Club Ammersee-R\u00f6merstra\u00dfe k\u00f6nnen wir nun f\u00fcr drei Teams die Medientechnik einsetzen.\u00bb \">With the donation of the Rotary Club Ammersee-R\u00f6merstra\u00dfe, we are now able to use media technology for three teams. \u00bb<\/span><\/p>\n<p><span title=\"Dar\u00fcber freuen sich auch die Teilnehmer der aktuellen Projekte.\">The participants are also looking forward to the current projects. <\/span><span title=\"Gerade laufen zwei Medienprojekte, in denen die neue Ausstattung intensiv genutzt wird.\">Two media projects are currently running, in which the new equipment is being used intensively. <\/span><span title=\"Der Medienworkshop \u00abTAMAM\u00bb wird mit rund 20 Gefl\u00fcchteten im Alter zwischen 18 und 26 Jahren, mit Unterst\u00fctzung durch Sch\u00fclerinnen und Sch\u00fcler des IKG als Mentoren durchgef\u00fchrt.\">The media workshop \u00abTAMAM\u00bb is conducted as mentors with around 20 refugees between the ages of 18 and 26, with the support of IKG students. <\/span><span title=\"Ein weiteres Projekt mit Jugendlichen der Mittelschule setzt die Workshop-Reihe \u00abT\u00fcrkenmariandl\u00bb fort.\">A further project with young people from the Mittelschule continues the workshop series &#8220;T\u00fcrkenmariandl&#8221;. <\/span><span title=\"Der Schwerpunkt liegt auf dem Bereich Video und Film - von der Erstellung eines Storyboards bis hin zur Realisierung von Videos.\">The focus is on video and film &#8211; from the creation of a storyboard to the realization of videos.<\/span><\/p>\n<p>Photo by Conny Kurz<br \/>\nv.l.n.r. Backwards: Nicole Truckenbrodt, Sumia, Natali, Max, Abdulah, Adnan, Mohamed, Aweit, Andrea Schmlezle<br \/>\nIn front: Javad, Berke, Simon, Wolfgang Hauck, Abas<\/p>\n","protected":false},"excerpt":{"rendered":"<p>The Rotary Club Ammersee-R\u00f6merstra\u00dfe supports the cultural education programs of the Landsberger Kulturverein \u00abdieKunstBauStelle e.V.\u00bb with investments in media technology. A new camera with accessories and sound technology for photo and film worth 2,000 euros could be purchased. The handover takes place during a workshop in Landsberg am Lech. &#8220;We are very impressed by the association &#8220;dieKunstBauStelle e.V.&#8221; and is convinced by its work, quality and the sense behind the whole,&#8221; says President Nicole Truckenbrodt. &#8220;We always see that we [&hellip;]<\/p>\n","protected":false},"author":1,"featured_media":23892,"comment_status":"closed","ping_status":"closed","sticky":false,"template":"","format":"standard","meta":{"_monsterinsights_skip_tracking":false,"_monsterinsights_sitenote_active":false,"_monsterinsights_sitenote_note":"","_monsterinsights_sitenote_category":0,"footnotes":""},"categories":[],"tags":[],"class_list":["post-23771","post","type-post","status-publish","format-standard","has-post-thumbnail","hentry"],"_links":{"self":[{"href":"https:\/\/diekunstbaustelle.de\/en\/wp-json\/wp\/v2\/posts\/23771","targetHints":{"allow":["GET"]}}],"collection":[{"href":"https:\/\/diekunstbaustelle.de\/en\/wp-json\/wp\/v2\/posts"}],"about":[{"href":"https:\/\/diekunstbaustelle.de\/en\/wp-json\/wp\/v2\/types\/post"}],"author":[{"embeddable":true,"href":"https:\/\/diekunstbaustelle.de\/en\/wp-json\/wp\/v2\/users\/1"}],"replies":[{"embeddable":true,"href":"https:\/\/diekunstbaustelle.de\/en\/wp-json\/wp\/v2\/comments?post=23771"}],"version-history":[{"count":0,"href":"https:\/\/diekunstbaustelle.de\/en\/wp-json\/wp\/v2\/posts\/23771\/revisions"}],"wp:featuredmedia":[{"embeddable":true,"href":"https:\/\/diekunstbaustelle.de\/en\/wp-json\/wp\/v2\/media\/23892"}],"wp:attachment":[{"href":"https:\/\/diekunstbaustelle.de\/en\/wp-json\/wp\/v2\/media?parent=23771"}],"wp:term":[{"taxonomy":"category","embeddable":true,"href":"https:\/\/diekunstbaustelle.de\/en\/wp-json\/wp\/v2\/categories?post=23771"},{"taxonomy":"post_tag","embeddable":true,"href":"https:\/\/diekunstbaustelle.de\/en\/wp-json\/wp\/v2\/tags?post=23771"}],"curies":[{"name":"wp","href":"https:\/\/api.w.org\/{rel}","templated":true}]}}