{"id":24337,"date":"2021-07-20T17:14:51","date_gmt":"2021-07-20T16:14:51","guid":{"rendered":"https:\/\/diekunstbaustelle.de\/press-creative-from-the-container\/"},"modified":"2021-07-20T17:14:51","modified_gmt":"2021-07-20T16:14:51","slug":"press-creative-from-the-container","status":"publish","type":"post","link":"https:\/\/diekunstbaustelle.de\/en\/press-creative-from-the-container\/","title":{"rendered":"PRESS: CREATIVE FROM THE CONTAINER"},"content":{"rendered":"<div class=\"\" dir=\"auto\">\n<div class=\"\" dir=\"auto\">\n<div class=\"ecm0bbzt hv4rvrfc ihqw7lf3 dati1w0a\" data-ad-comet-preview=\"message\" data-ad-preview=\"message\">\n<div class=\"j83agx80 cbu4d94t ew0dbk1b irj2b8pg\">\n<div class=\"qzhwtbm6 knvmm38d\">\n<div class=\"kvgmc6g5 cxmmr5t8 oygrvhab hcukyx3x c1et5uql ii04i59q\">\n<div dir=\"auto\">PRESSE: KREATIVES AUS DEM CONTAINER<\/div>\n<div dir=\"auto\"><\/div>\n<\/div>\n<div class=\"o9v6fnle cxmmr5t8 oygrvhab hcukyx3x c1et5uql ii04i59q\">\n<div dir=\"auto\">Ein ungew\u00f6hnliches Projekt soll frischen Wind in die Kulturszene der Ammersee-Region bringen<\/div>\n<div dir=\"auto\">Von Laura H\u00f6ring, Die\u00dfen<\/div>\n<div dir=\"auto\"><\/div>\n<\/div>\n<div class=\"o9v6fnle cxmmr5t8 oygrvhab hcukyx3x c1et5uql ii04i59q\">\n<div dir=\"auto\">Auf einem eigentlich unscheinbaren Parkplatz am Ammersee-S\u00fcdufer startet dieser Tage ein ungew\u00f6hnliches Kulturprojekt: Vier Container in L-Form bilden zusammen mit dem Seeufer einen idyllischen Ort mit gut 150 Quadratmeter Innenraum, der sonst von parkenden Autos belegt ist.<\/div>\n<\/div>\n<div class=\"o9v6fnle cxmmr5t8 oygrvhab hcukyx3x c1et5uql ii04i59q\">\n<div dir=\"auto\">Ausgestattet als mobiles Produktionsstudio f\u00fcr Video, Ton und Redaktion dienen sie als nun Anlaufstelle f\u00fcr kreative Aktivit\u00e4ten aller Altersgruppen.<\/div>\n<\/div>\n<div class=\"o9v6fnle cxmmr5t8 oygrvhab hcukyx3x c1et5uql ii04i59q\">\n<div dir=\"auto\"><\/div>\n<div dir=\"auto\">Die Initiative des Landsberger Kulturvereins &#8220;dieKunstBauStelle&#8221; und des Kultur-Referats der Marktgemeinde will so frischen Wind in die Die\u00dfener Kulturszene bringen.<\/div>\n<div dir=\"auto\"><\/div>\n<\/div>\n<div class=\"o9v6fnle cxmmr5t8 oygrvhab hcukyx3x c1et5uql ii04i59q\">\n<div dir=\"auto\">MEHR LESEN IM ARTIKEL<\/div>\n<div dir=\"auto\"><a class=\"oajrlxb2 g5ia77u1 qu0x051f esr5mh6w e9989ue4 r7d6kgcz rq0escxv nhd2j8a9 nc684nl6 p7hjln8o kvgmc6g5 cxmmr5t8 oygrvhab hcukyx3x jb3vyjys rz4wbd8a qt6c0cv9 a8nywdso i1ao9s8h esuyzwwr f1sip0of lzcic4wl py34i1dx gpro0wi8\" tabindex=\"\" role=\"link\" href=\"https:\/\/www.sueddeutsche.de\/muenchen\/starnberg\/diessen-kreatives-aus-dem-container-1.5357438\" target=\"_blank\" rel=\"nofollow noopener\">https:\/\/www.sueddeutsche.de\/muenchen\/starnberg\/diessen-kreatives-aus-dem-container-1.5357438<\/a><\/div>\n<\/div>\n<\/div>\n<div dir=\"auto\"><\/div>\n<div class=\"qzhwtbm6 knvmm38d\">\n<div class=\"o9v6fnle cxmmr5t8 oygrvhab hcukyx3x c1et5uql ii04i59q\">\n<div dir=\"auto\"><a class=\"oajrlxb2 g5ia77u1 qu0x051f esr5mh6w e9989ue4 r7d6kgcz rq0escxv nhd2j8a9 nc684nl6 p7hjln8o kvgmc6g5 cxmmr5t8 oygrvhab hcukyx3x jb3vyjys rz4wbd8a qt6c0cv9 a8nywdso i1ao9s8h esuyzwwr f1sip0of lzcic4wl q66pz984 gpro0wi8 b1v8xokw\" tabindex=\"0\" role=\"link\" href=\"https:\/\/www.facebook.com\/hashtag\/kultainer?__eep__=6&amp;__cft__[0]=AZWowSuOvZsjnhI0PAQ6z64IyJ1knGxEA-L3OnCUW9I0zEY9bVn4oKeoaQJAFRrFOMEFjYduyfhk7IYMGyUwnEtNrzjpolpXfnGIIjLmwDQDGdvQ5X7o3D-v8fNJb-TohebyKFuTj0FRXaOresnN8VmXUP6bGYeEHg1yPxIDNtLwioQbV_rSmpSsDatL96_S8RPm1pg15QX-8iQFz2UM-GxqvDtOhcP75MsIrCHl4sH31Q&amp;__tn__=*NK-y-R\">#kultainer<\/a> <a class=\"oajrlxb2 g5ia77u1 qu0x051f esr5mh6w e9989ue4 r7d6kgcz rq0escxv nhd2j8a9 nc684nl6 p7hjln8o kvgmc6g5 cxmmr5t8 oygrvhab hcukyx3x jb3vyjys rz4wbd8a qt6c0cv9 a8nywdso i1ao9s8h esuyzwwr f1sip0of lzcic4wl q66pz984 gpro0wi8 b1v8xokw\" tabindex=\"0\" role=\"link\" href=\"https:\/\/www.facebook.com\/hashtag\/landkreislandsberg?__eep__=6&amp;__cft__[0]=AZWowSuOvZsjnhI0PAQ6z64IyJ1knGxEA-L3OnCUW9I0zEY9bVn4oKeoaQJAFRrFOMEFjYduyfhk7IYMGyUwnEtNrzjpolpXfnGIIjLmwDQDGdvQ5X7o3D-v8fNJb-TohebyKFuTj0FRXaOresnN8VmXUP6bGYeEHg1yPxIDNtLwioQbV_rSmpSsDatL96_S8RPm1pg15QX-8iQFz2UM-GxqvDtOhcP75MsIrCHl4sH31Q&amp;__tn__=*NK-y-R\">#landkreislandsberg<\/a> <a class=\"oajrlxb2 g5ia77u1 qu0x051f esr5mh6w e9989ue4 r7d6kgcz rq0escxv nhd2j8a9 nc684nl6 p7hjln8o kvgmc6g5 cxmmr5t8 oygrvhab hcukyx3x jb3vyjys rz4wbd8a qt6c0cv9 a8nywdso i1ao9s8h esuyzwwr f1sip0of lzcic4wl q66pz984 gpro0wi8 b1v8xokw\" tabindex=\"0\" role=\"link\" href=\"https:\/\/www.facebook.com\/hashtag\/diekunstbaustelle?__eep__=6&amp;__cft__[0]=AZWowSuOvZsjnhI0PAQ6z64IyJ1knGxEA-L3OnCUW9I0zEY9bVn4oKeoaQJAFRrFOMEFjYduyfhk7IYMGyUwnEtNrzjpolpXfnGIIjLmwDQDGdvQ5X7o3D-v8fNJb-TohebyKFuTj0FRXaOresnN8VmXUP6bGYeEHg1yPxIDNtLwioQbV_rSmpSsDatL96_S8RPm1pg15QX-8iQFz2UM-GxqvDtOhcP75MsIrCHl4sH31Q&amp;__tn__=*NK-y-R\">#diekunstbaustelle<\/a> <a class=\"oajrlxb2 g5ia77u1 qu0x051f esr5mh6w e9989ue4 r7d6kgcz rq0escxv nhd2j8a9 nc684nl6 p7hjln8o kvgmc6g5 cxmmr5t8 oygrvhab hcukyx3x jb3vyjys rz4wbd8a qt6c0cv9 a8nywdso i1ao9s8h esuyzwwr f1sip0of lzcic4wl q66pz984 gpro0wi8 b1v8xokw\" tabindex=\"0\" role=\"link\" href=\"https:\/\/www.facebook.com\/hashtag\/rumstierln?__eep__=6&amp;__cft__[0]=AZWowSuOvZsjnhI0PAQ6z64IyJ1knGxEA-L3OnCUW9I0zEY9bVn4oKeoaQJAFRrFOMEFjYduyfhk7IYMGyUwnEtNrzjpolpXfnGIIjLmwDQDGdvQ5X7o3D-v8fNJb-TohebyKFuTj0FRXaOresnN8VmXUP6bGYeEHg1yPxIDNtLwioQbV_rSmpSsDatL96_S8RPm1pg15QX-8iQFz2UM-GxqvDtOhcP75MsIrCHl4sH31Q&amp;__tn__=*NK-y-R\">#rumstierln<\/a><\/div>\n<\/div>\n<\/div>\n<\/div>\n<\/div>\n<\/div>\n<\/div>\n","protected":false},"excerpt":{"rendered":"<p>PRESSE: KREATIVES AUS DEM CONTAINER Ein ungew\u00f6hnliches Projekt soll frischen Wind in die Kulturszene der Ammersee-Region bringen Von Laura H\u00f6ring, Die\u00dfen Auf einem eigentlich unscheinbaren Parkplatz am Ammersee-S\u00fcdufer startet dieser Tage ein ungew\u00f6hnliches Kulturprojekt: Vier Container in L-Form bilden zusammen mit dem Seeufer einen idyllischen Ort mit gut 150 Quadratmeter Innenraum, der sonst von parkenden Autos belegt ist. Ausgestattet als mobiles Produktionsstudio f\u00fcr Video, Ton und Redaktion dienen sie als nun Anlaufstelle f\u00fcr kreative Aktivit\u00e4ten aller Altersgruppen. Die Initiative des [&hellip;]<\/p>\n","protected":false},"author":1,"featured_media":26058,"comment_status":"closed","ping_status":"closed","sticky":false,"template":"","format":"standard","meta":{"_monsterinsights_skip_tracking":false,"_monsterinsights_sitenote_active":false,"_monsterinsights_sitenote_note":"","_monsterinsights_sitenote_category":0,"footnotes":""},"categories":[],"tags":[],"class_list":["post-24337","post","type-post","status-publish","format-standard","has-post-thumbnail","hentry"],"_links":{"self":[{"href":"https:\/\/diekunstbaustelle.de\/en\/wp-json\/wp\/v2\/posts\/24337","targetHints":{"allow":["GET"]}}],"collection":[{"href":"https:\/\/diekunstbaustelle.de\/en\/wp-json\/wp\/v2\/posts"}],"about":[{"href":"https:\/\/diekunstbaustelle.de\/en\/wp-json\/wp\/v2\/types\/post"}],"author":[{"embeddable":true,"href":"https:\/\/diekunstbaustelle.de\/en\/wp-json\/wp\/v2\/users\/1"}],"replies":[{"embeddable":true,"href":"https:\/\/diekunstbaustelle.de\/en\/wp-json\/wp\/v2\/comments?post=24337"}],"version-history":[{"count":0,"href":"https:\/\/diekunstbaustelle.de\/en\/wp-json\/wp\/v2\/posts\/24337\/revisions"}],"wp:featuredmedia":[{"embeddable":true,"href":"https:\/\/diekunstbaustelle.de\/en\/wp-json\/wp\/v2\/media\/26058"}],"wp:attachment":[{"href":"https:\/\/diekunstbaustelle.de\/en\/wp-json\/wp\/v2\/media?parent=24337"}],"wp:term":[{"taxonomy":"category","embeddable":true,"href":"https:\/\/diekunstbaustelle.de\/en\/wp-json\/wp\/v2\/categories?post=24337"},{"taxonomy":"post_tag","embeddable":true,"href":"https:\/\/diekunstbaustelle.de\/en\/wp-json\/wp\/v2\/tags?post=24337"}],"curies":[{"name":"wp","href":"https:\/\/api.w.org\/{rel}","templated":true}]}}